{"id":2043,"date":"2025-08-19T11:31:46","date_gmt":"2025-08-19T09:31:46","guid":{"rendered":"https:\/\/www.groupe-deslog.com\/%f0%9f%9a%9b-du-renfort-dans-notre-flotte\/"},"modified":"2026-04-24T16:40:16","modified_gmt":"2026-04-24T14:40:16","slug":"show-top-transport","status":"publish","type":"post","link":"https:\/\/www.groupe-deslog.com\/en\/show-top-transport\/","title":{"rendered":"Top Transport 2026 Trade Show in Saint-Malo"},"content":{"rendered":"<p>[et_pb_section fb_built=&#8221;1&#8243; admin_label=&#8221;section&#8221; _builder_version=&#8221;4.16&#8243; da_disable_devices=&#8221;off|off|off&#8221; global_colors_info=&#8221;{}&#8221; theme_builder_area=&#8221;post_content&#8221; da_is_popup=&#8221;off&#8221; da_exit_intent=&#8221;off&#8221; da_has_close=&#8221;on&#8221; da_alt_close=&#8221;off&#8221; da_dark_close=&#8221;off&#8221; da_not_modal=&#8221;on&#8221; da_is_singular=&#8221;off&#8221; da_with_loader=&#8221;off&#8221; da_has_shadow=&#8221;on&#8221;][et_pb_row admin_label=&#8221;row&#8221; _builder_version=&#8221;4.16&#8243; background_size=&#8221;initial&#8221; background_position=&#8221;top_left&#8221; background_repeat=&#8221;repeat&#8221; global_colors_info=&#8221;{}&#8221; theme_builder_area=&#8221;post_content&#8221;][et_pb_column type=&#8221;4_4&#8243; _builder_version=&#8221;4.16&#8243; custom_padding=&#8221;|||&#8221; global_colors_info=&#8221;{}&#8221; custom_padding__hover=&#8221;|||&#8221; theme_builder_area=&#8221;post_content&#8221;][et_pb_text admin_label=&#8221;Text&#8221; _builder_version=&#8221;4.27.6&#8243; background_size=&#8221;initial&#8221; background_position=&#8221;top_left&#8221; background_repeat=&#8221;repeat&#8221; global_colors_info=&#8221;{}&#8221; theme_builder_area=&#8221;post_content&#8221;]<\/p>\n<p>On June 10 and 11, 2026, the Deslog Group will be exhibiting at the Top Transport Europe trade show in Saint-Malo, a must-attend event for professionals in transportation, logistics, and the supply chain.<br \/>Come talk with our teams about your challenges in road transport, multi-site logistics, and supply chain solutions. This is the perfect opportunity to learn about our full range of expertise and make concrete progress on your projects.<\/p>\n<p>Come see us at the trade show\u2014we look forward to welcoming you!<\/p>\n<p>[\/et_pb_text][\/et_pb_column][\/et_pb_row][\/et_pb_section]<\/p>\n","protected":false},"excerpt":{"rendered":"<p>On June 10 and 11, 2026, the Deslog Group will be exhibiting at the Top Transport Europe trade show in Saint-Malo, a must-attend event for professionals in transportation, logistics, and the supply chain.<\/p>\n","protected":false},"author":7,"featured_media":2568,"comment_status":"closed","ping_status":"closed","sticky":false,"template":"","format":"standard","meta":{"_et_pb_use_builder":"on","_et_pb_old_content":"Chez Deslog, chaque nouvel \u00e9quipement est une \u00e9tape de plus vers une logistique toujours plus fiable, performante et engag\u00e9e\r\n\r\nLa semaine derni\u00e8re, chez Destock Logistique,\u00a02 nouveaux tracteurs MAN TGX 18.520 ont rejoint notre parc, livr\u00e9s par notre partenaire MAN Saint-Omer \u2013 merci \u00e0 Philippe carton pour sa disponibilit\u00e9 et son accompagnement \ud83e\udd1d\r\n\r\nCe n\u2019est pas tout : nous avons \u00e9galement re\u00e7u 2 remorques porte-conteneurs triplex K\u00f6gel, livr\u00e9es par TH Trucks France, avec <a id=\"ember1629\" class=\"ember-view\" tabindex=\"0\" href=\"https:\/\/www.linkedin.com\/in\/mathieu-herbaut-a13475145\/\">Mathieu Herbaut<\/a> et <a id=\"ember1630\" class=\"ember-view\" tabindex=\"0\" href=\"https:\/\/www.linkedin.com\/in\/cyril-aube-3a1904177\/\">Cyril Aube<\/a> \u00e0 nos c\u00f4t\u00e9s tout au long du processus.\r\n\r\nMerci \u00e0 tous ceux qui rendent ces projets possibles \ud83d\ude9b\r\n\r\nEt on vous laisse deviner qui est le plus fier sur la photo : les camions ou les chauffeurs ?\u00a0\ud83d\ude04","_et_gb_content_width":"","inline_featured_image":false,"footnotes":""},"categories":[1],"tags":[],"class_list":["post-2043","post","type-post","status-publish","format-standard","has-post-thumbnail","hentry","category-non-categorise"],"_links":{"self":[{"href":"https:\/\/www.groupe-deslog.com\/en\/wp-json\/wp\/v2\/posts\/2043","targetHints":{"allow":["GET"]}}],"collection":[{"href":"https:\/\/www.groupe-deslog.com\/en\/wp-json\/wp\/v2\/posts"}],"about":[{"href":"https:\/\/www.groupe-deslog.com\/en\/wp-json\/wp\/v2\/types\/post"}],"author":[{"embeddable":true,"href":"https:\/\/www.groupe-deslog.com\/en\/wp-json\/wp\/v2\/users\/7"}],"replies":[{"embeddable":true,"href":"https:\/\/www.groupe-deslog.com\/en\/wp-json\/wp\/v2\/comments?post=2043"}],"version-history":[{"count":4,"href":"https:\/\/www.groupe-deslog.com\/en\/wp-json\/wp\/v2\/posts\/2043\/revisions"}],"predecessor-version":[{"id":2580,"href":"https:\/\/www.groupe-deslog.com\/en\/wp-json\/wp\/v2\/posts\/2043\/revisions\/2580"}],"wp:featuredmedia":[{"embeddable":true,"href":"https:\/\/www.groupe-deslog.com\/en\/wp-json\/wp\/v2\/media\/2568"}],"wp:attachment":[{"href":"https:\/\/www.groupe-deslog.com\/en\/wp-json\/wp\/v2\/media?parent=2043"}],"wp:term":[{"taxonomy":"category","embeddable":true,"href":"https:\/\/www.groupe-deslog.com\/en\/wp-json\/wp\/v2\/categories?post=2043"},{"taxonomy":"post_tag","embeddable":true,"href":"https:\/\/www.groupe-deslog.com\/en\/wp-json\/wp\/v2\/tags?post=2043"}],"curies":[{"name":"wp","href":"https:\/\/api.w.org\/{rel}","templated":true}]}}